{"id":1718,"date":"2025-06-20T15:41:21","date_gmt":"2025-06-20T13:41:21","guid":{"rendered":"https:\/\/bora.si\/?p=1718"},"modified":"2025-09-24T09:30:06","modified_gmt":"2025-09-24T07:30:06","slug":"brkovi-elektricni-bicikli-slovenija","status":"publish","type":"post","link":"https:\/\/bora.si\/hr\/moustache-elektricna-kolesa-slovenija\/","title":{"rendered":"Moustache bicikli: Elektri\u010dni bicikli nove generacije"},"content":{"rendered":"<p class=\"translation-block\">Slu\u017ebeni smo zastupnik marke <strong>Moustache Bikes<\/strong> za Sloveniju i Hrvatsku te dugogodi\u0161nji partner ove renomirane francuske marke, koja se smatra jednim od vode\u0107ih proizvo\u0111a\u010da elektri\u010dnih bicikala u Europi. Na\u0161a uloga uklju\u010duje stru\u010dno savjetovanje, podr\u0161ku pri narud\u017ebama, suradnju s trgovcima i servisnim partnerima te osiguravanje prisutnosti marke na slovenskom tr\u017ei\u0161tu.<\/p>\n\n\n\n<p><\/p>\n\n\n\n<hr class=\"wp-block-separator has-alpha-channel-opacity\"\/>\n\n\n\n<h2 class=\"wp-block-heading\">Za\u0161to brkovi?<\/h2>\n\n\n\n<p>Jer ne kupujete samo bicikl. Kupujete iskustvo.<\/p>\n\n\n\n<p class=\"translation-block\">Moustache ne proizvodi elektri\u010dne bicikle samo zato da bi bili trendi \u2013 oni ih proizvode kako bi ljudima vratili radost vo\u017enje. Njihov moto nije slu\u010dajnost: <strong>Nasmijani strojevi.<\/strong> Svaki bicikl dizajniran je da vam izmami osmijeh na lice \u2013 sa svakim zavojem, svakim usponom i svakom miljom. Bilo da se vozite po gradu, idete u brda ili tra\u017eite elektri\u010dni gravel bicikl za istra\u017eivanje nepoznatog \u2013 Moustache ima odgovor.<\/p>\n\n\n\n<p>Klju\u010dne prednosti:<\/p>\n\n\n\n<ul class=\"wp-block-list\">\n<li class=\"translation-block\">Bosch <strong>Smart System<\/strong> s povezivo\u0161\u0107u, preciznom podr\u0161kom i dugotrajnom u\u010dinkovito\u0161\u0107u<\/li>\n\n\n\n<li>Napredna geometrija okvira i integrirana oprema (svjetla, blatobrani, nosa\u010di)<\/li>\n\n\n\n<li>Svestranost: od gradskih staza do tehni\u010dki zahtjevnog terena<\/li>\n\n\n\n<li>Dizajn i monta\u017ea u Francuskoj<\/li>\n\n\n\n<li>Ergonomija jednostavna za kori\u0161tenje i iznimna izdr\u017eljivost<\/li>\n<\/ul>\n\n\n\n<p><\/p>\n\n\n\n<hr class=\"wp-block-separator has-alpha-channel-opacity\"\/>\n\n\n\n<h2 class=\"wp-block-heading\">Trenutni modeli za sezonu 2025.<\/h2>\n\n\n\n<h3 class=\"wp-block-heading\">1. <strong>Urbano<\/strong><\/h3>\n\n\n\n<p class=\"translation-block\">Nova generacija gradskih elektri\u010dnih bicikala <strong>J.<\/strong> , koja spaja gradsku udobnost, minimalisti\u010dki dizajn i tehni\u010dku savr\u0161enost.<\/p>\n\n\n\n<ul class=\"wp-block-list\">\n<li class=\"translation-block\"><strong>Model J<\/strong> .: je cjelovito rje\u0161enje za gradsku i cestovnu mobilnost \u2013 s potpunim ovjesom, jednodijelnim aluminijskim okvirom i potpunom integracijom Bosch pogona.<\/li>\n\n\n\n<li class=\"translation-block\"><strong>Lundi 27<\/strong> : klasi\u010dni gradski okvir &quot;otvorenog okvira&quot;, uspravan stav, nosa\u010d, blatobrani i svjetla - idealan za gradsku vo\u017enju.<\/li>\n<\/ul>\n\n\n\n<p>Oba imaju integrirani Bosch Smart System.<\/p>\n\n\n\n<div class=\"wp-block-columns is-layout-flex wp-container-core-columns-is-layout-9d6595d7 wp-block-columns-is-layout-flex\">\n<div class=\"wp-block-column is-layout-flow wp-block-column-is-layout-flow\">\n<figure class=\"wp-block-gallery has-nested-images columns-default is-cropped wp-block-gallery-1 is-layout-flex wp-block-gallery-is-layout-flex\">\n<figure class=\"wp-block-image size-large\"><img fetchpriority=\"high\" decoding=\"async\" width=\"1024\" height=\"768\" data-id=\"1792\" src=\"https:\/\/bora.si\/wp-content\/uploads\/2025\/06\/BJ_0573-1-edited-1024x768.jpg\" alt=\"\" class=\"wp-image-1792\" srcset=\"https:\/\/bora.si\/wp-content\/uploads\/2025\/06\/BJ_0573-1-edited-1024x768.jpg 1024w, https:\/\/bora.si\/wp-content\/uploads\/2025\/06\/BJ_0573-1-edited-300x225.jpg 300w, https:\/\/bora.si\/wp-content\/uploads\/2025\/06\/BJ_0573-1-edited-768x576.jpg 768w, https:\/\/bora.si\/wp-content\/uploads\/2025\/06\/BJ_0573-1-edited-1536x1151.jpg 1536w, https:\/\/bora.si\/wp-content\/uploads\/2025\/06\/BJ_0573-1-edited-2048x1535.jpg 2048w, https:\/\/bora.si\/wp-content\/uploads\/2025\/06\/BJ_0573-1-edited-16x12.jpg 16w\" sizes=\"(max-width: 1024px) 100vw, 1024px\" \/><\/figure>\n<\/figure>\n<\/div>\n\n\n\n<div class=\"wp-block-column is-layout-flow wp-block-column-is-layout-flow\">\n<figure class=\"wp-block-image size-large\"><img decoding=\"async\" width=\"1024\" height=\"768\" src=\"https:\/\/bora.si\/wp-content\/uploads\/2025\/06\/lundi27_3_motion-2-edited-1024x768.jpg\" alt=\"\" class=\"wp-image-1776\" srcset=\"https:\/\/bora.si\/wp-content\/uploads\/2025\/06\/lundi27_3_motion-2-edited-1024x768.jpg 1024w, https:\/\/bora.si\/wp-content\/uploads\/2025\/06\/lundi27_3_motion-2-edited-300x225.jpg 300w, https:\/\/bora.si\/wp-content\/uploads\/2025\/06\/lundi27_3_motion-2-edited-768x576.jpg 768w, https:\/\/bora.si\/wp-content\/uploads\/2025\/06\/lundi27_3_motion-2-edited-1536x1151.jpg 1536w, https:\/\/bora.si\/wp-content\/uploads\/2025\/06\/lundi27_3_motion-2-edited-2048x1535.jpg 2048w, https:\/\/bora.si\/wp-content\/uploads\/2025\/06\/lundi27_3_motion-2-edited-16x12.jpg 16w\" sizes=\"(max-width: 1024px) 100vw, 1024px\" \/><\/figure>\n<\/div>\n<\/div>\n\n\n\n<hr class=\"wp-block-separator has-alpha-channel-opacity\"\/>\n\n\n\n<h3 class=\"wp-block-heading\">2. <strong>Terenski \/ Planinarski<\/strong><\/h3>\n\n\n\n<ul class=\"wp-block-list\">\n<li class=\"translation-block\"><strong>Samedi 27 Xroad<\/strong> \u2013 robusniji model za mje\u0161ovite povr\u0161ine, s lak\u0161im okvirom i ovjesom<\/li>\n\n\n\n<li class=\"translation-block\"><strong>Dimanche 29 Gravel<\/strong> \u2013 idealan za biciklizam i duge ture po asfaltu, \u0161ljunku ili mje\u0161ovitom terenu<\/li>\n<\/ul>\n\n\n\n<div class=\"wp-block-columns is-layout-flex wp-container-core-columns-is-layout-9d6595d7 wp-block-columns-is-layout-flex\">\n<div class=\"wp-block-column is-layout-flow wp-block-column-is-layout-flow\">\n<figure class=\"wp-block-image size-large\"><img decoding=\"async\" width=\"2277\" height=\"1707\" src=\"https:\/\/bora.si\/wp-content\/uploads\/2025\/06\/bj-0329-hd-1-scaled-1-edited.jpg\" alt=\"\" class=\"wp-image-1775\" srcset=\"https:\/\/bora.si\/wp-content\/uploads\/2025\/06\/bj-0329-hd-1-scaled-1-edited.jpg 2277w, https:\/\/bora.si\/wp-content\/uploads\/2025\/06\/bj-0329-hd-1-scaled-1-edited-300x225.jpg 300w, https:\/\/bora.si\/wp-content\/uploads\/2025\/06\/bj-0329-hd-1-scaled-1-edited-1024x768.jpg 1024w, https:\/\/bora.si\/wp-content\/uploads\/2025\/06\/bj-0329-hd-1-scaled-1-edited-768x576.jpg 768w, https:\/\/bora.si\/wp-content\/uploads\/2025\/06\/bj-0329-hd-1-scaled-1-edited-1536x1151.jpg 1536w, https:\/\/bora.si\/wp-content\/uploads\/2025\/06\/bj-0329-hd-1-scaled-1-edited-2048x1535.jpg 2048w, https:\/\/bora.si\/wp-content\/uploads\/2025\/06\/bj-0329-hd-1-scaled-1-edited-16x12.jpg 16w\" sizes=\"(max-width: 2277px) 100vw, 2277px\" \/><\/figure>\n<\/div>\n\n\n\n<div class=\"wp-block-column is-layout-flow wp-block-column-is-layout-flow\">\n<figure class=\"wp-block-image size-large\"><img loading=\"lazy\" decoding=\"async\" width=\"1024\" height=\"768\" src=\"https:\/\/bora.si\/wp-content\/uploads\/2025\/06\/Moustache2024-\u00a9-Jeremie-Reuiller-4078-edited-1024x768.jpg\" alt=\"\" class=\"wp-image-1782\" srcset=\"https:\/\/bora.si\/wp-content\/uploads\/2025\/06\/Moustache2024-\u00a9-Jeremie-Reuiller-4078-edited-1024x768.jpg 1024w, https:\/\/bora.si\/wp-content\/uploads\/2025\/06\/Moustache2024-\u00a9-Jeremie-Reuiller-4078-edited-300x225.jpg 300w, https:\/\/bora.si\/wp-content\/uploads\/2025\/06\/Moustache2024-\u00a9-Jeremie-Reuiller-4078-edited-768x576.jpg 768w, https:\/\/bora.si\/wp-content\/uploads\/2025\/06\/Moustache2024-\u00a9-Jeremie-Reuiller-4078-edited-1536x1152.jpg 1536w, https:\/\/bora.si\/wp-content\/uploads\/2025\/06\/Moustache2024-\u00a9-Jeremie-Reuiller-4078-edited-2048x1536.jpg 2048w, https:\/\/bora.si\/wp-content\/uploads\/2025\/06\/Moustache2024-\u00a9-Jeremie-Reuiller-4078-edited-16x12.jpg 16w\" sizes=\"(max-width: 1024px) 100vw, 1024px\" \/><\/figure>\n<\/div>\n<\/div>\n\n\n\n<hr class=\"wp-block-separator has-alpha-channel-opacity\"\/>\n\n\n\n<h3 class=\"wp-block-heading\">3. <strong>Planinski elektri\u010dni bicikli \u2013 Igra<\/strong><\/h3>\n\n\n\n<p class=\"translation-block\">Za sezonu 2025., seriju <strong>Trail<\/strong> zamjenjuju novi modeli <strong>Game 150<\/strong> i <strong>Game 160<\/strong> :<\/p>\n\n\n\n<ul class=\"wp-block-list\">\n<li class=\"translation-block\"><strong>Hod od 150<\/strong> \u2013 150 mm, sna\u017ean okvir s punim ovjesom i Bosch Performance CX motor<\/li>\n\n\n\n<li class=\"translation-block\"><strong>Game 160<\/strong> \u2013 pro\u0161irena verzija s vi\u0161e hoda, prilago\u0111ena zahtjevnom planinskom terenu i skokovima.<\/li>\n<\/ul>\n\n\n\n<p><\/p>\n\n\n\n<p class=\"translation-block\"><strong>Ovi bicikli su dizajnirani za tehni\u010dku vo\u017enju i ozbiljne planinske izazove te enduro natjecanja.<\/strong> To potvr\u0111uje i na\u0161 vodi\u010d <strong>Bora Experiencea<\/strong> , <strong>Sebastian Prin\u010di\u010d<\/strong> , koji se natje\u010de s biciklom Moustache i nekoliko je puta bio na postolju u kategoriji e-enduro. Nedavno je osvojio <strong>1. mjesto na Dr\u017eavnom prvenstvu SloEnduro (Me\u017eica 2025.)<\/strong> u kategoriji e-bicikala.<\/p>\n\n\n\n<div class=\"wp-block-columns is-layout-flex wp-container-core-columns-is-layout-9d6595d7 wp-block-columns-is-layout-flex\">\n<div class=\"wp-block-column is-layout-flow wp-block-column-is-layout-flow\">\n<figure class=\"wp-block-image size-full\"><img loading=\"lazy\" decoding=\"async\" width=\"2560\" height=\"1920\" src=\"https:\/\/bora.si\/wp-content\/uploads\/2025\/06\/Moustache-Game-160-\u00a9-Jeremie-Reuiller-1146-edited-scaled.jpg\" alt=\"\" class=\"wp-image-1819\" srcset=\"https:\/\/bora.si\/wp-content\/uploads\/2025\/06\/Moustache-Game-160-\u00a9-Jeremie-Reuiller-1146-edited-scaled.jpg 2560w, https:\/\/bora.si\/wp-content\/uploads\/2025\/06\/Moustache-Game-160-\u00a9-Jeremie-Reuiller-1146-edited-300x225.jpg 300w, https:\/\/bora.si\/wp-content\/uploads\/2025\/06\/Moustache-Game-160-\u00a9-Jeremie-Reuiller-1146-edited-1024x768.jpg 1024w, https:\/\/bora.si\/wp-content\/uploads\/2025\/06\/Moustache-Game-160-\u00a9-Jeremie-Reuiller-1146-edited-768x576.jpg 768w, https:\/\/bora.si\/wp-content\/uploads\/2025\/06\/Moustache-Game-160-\u00a9-Jeremie-Reuiller-1146-edited-1536x1152.jpg 1536w, https:\/\/bora.si\/wp-content\/uploads\/2025\/06\/Moustache-Game-160-\u00a9-Jeremie-Reuiller-1146-edited-2048x1536.jpg 2048w, https:\/\/bora.si\/wp-content\/uploads\/2025\/06\/Moustache-Game-160-\u00a9-Jeremie-Reuiller-1146-edited-16x12.jpg 16w\" sizes=\"(max-width: 2560px) 100vw, 2560px\" \/><\/figure>\n<\/div>\n\n\n\n<div class=\"wp-block-column is-layout-flow wp-block-column-is-layout-flow\">\n<figure class=\"wp-block-image size-full\"><img loading=\"lazy\" decoding=\"async\" width=\"909\" height=\"682\" src=\"https:\/\/bora.si\/wp-content\/uploads\/2025\/06\/IMG_8685-1024x682-2-edited.jpg\" alt=\"\" class=\"wp-image-1799\" srcset=\"https:\/\/bora.si\/wp-content\/uploads\/2025\/06\/IMG_8685-1024x682-2-edited.jpg 909w, https:\/\/bora.si\/wp-content\/uploads\/2025\/06\/IMG_8685-1024x682-2-edited-300x225.jpg 300w, https:\/\/bora.si\/wp-content\/uploads\/2025\/06\/IMG_8685-1024x682-2-edited-768x576.jpg 768w, https:\/\/bora.si\/wp-content\/uploads\/2025\/06\/IMG_8685-1024x682-2-edited-16x12.jpg 16w\" sizes=\"(max-width: 909px) 100vw, 909px\" \/><\/figure>\n<\/div>\n<\/div>\n\n\n\n<hr class=\"wp-block-separator has-alpha-channel-opacity\"\/>\n\n\n\n<h3 class=\"wp-block-heading\">4. <strong>Spojka \u2013 Novo 2025.<\/strong><\/h3>\n\n\n\n<p class=\"translation-block\">Model <strong>Clutch<\/strong> predstavlja novu generaciju s pogonskim sustavom Pinion MGU i integriranim mjenja\u010dem:<\/p>\n\n\n\n<ul class=\"wp-block-list\">\n<li class=\"translation-block\"><strong>Spojka 160.9 \/ 160.8<\/strong> \u2013 agresivno usmjereni e-MTB-ovi sa 160 mm hoda straga i 170 sprijeda.<\/li>\n\n\n\n<li class=\"translation-block\"><strong>SUV 150.7 EQ s kva\u010dilom<\/strong> \u2013 urbanizirana, ali izuzetno sna\u017ena verzija<\/li>\n<\/ul>\n\n\n\n<p>Clutch kombinira tehnolo\u0161ku inovaciju, robusnost i stil.<\/p>\n\n\n\n<div class=\"wp-block-columns is-layout-flex wp-container-core-columns-is-layout-9d6595d7 wp-block-columns-is-layout-flex\">\n<div class=\"wp-block-column is-layout-flow wp-block-column-is-layout-flow\">\n<figure class=\"wp-block-image size-large\"><img loading=\"lazy\" decoding=\"async\" width=\"977\" height=\"733\" src=\"https:\/\/bora.si\/wp-content\/uploads\/2025\/06\/clutch-damien-guiot-mtb0056-1100x733-2-edited.jpg\" alt=\"\" class=\"wp-image-1773\" srcset=\"https:\/\/bora.si\/wp-content\/uploads\/2025\/06\/clutch-damien-guiot-mtb0056-1100x733-2-edited.jpg 977w, https:\/\/bora.si\/wp-content\/uploads\/2025\/06\/clutch-damien-guiot-mtb0056-1100x733-2-edited-300x225.jpg 300w, https:\/\/bora.si\/wp-content\/uploads\/2025\/06\/clutch-damien-guiot-mtb0056-1100x733-2-edited-768x576.jpg 768w, https:\/\/bora.si\/wp-content\/uploads\/2025\/06\/clutch-damien-guiot-mtb0056-1100x733-2-edited-16x12.jpg 16w\" sizes=\"(max-width: 977px) 100vw, 977px\" \/><\/figure>\n<\/div>\n\n\n\n<div class=\"wp-block-column is-layout-flow wp-block-column-is-layout-flow\">\n<figure class=\"wp-block-image size-large\"><img loading=\"lazy\" decoding=\"async\" width=\"977\" height=\"733\" src=\"https:\/\/bora.si\/wp-content\/uploads\/2025\/06\/clutch-damien-guiot-mtb0050-1100x733-1-edited.jpg\" alt=\"\" class=\"wp-image-1772\" srcset=\"https:\/\/bora.si\/wp-content\/uploads\/2025\/06\/clutch-damien-guiot-mtb0050-1100x733-1-edited.jpg 977w, https:\/\/bora.si\/wp-content\/uploads\/2025\/06\/clutch-damien-guiot-mtb0050-1100x733-1-edited-300x225.jpg 300w, https:\/\/bora.si\/wp-content\/uploads\/2025\/06\/clutch-damien-guiot-mtb0050-1100x733-1-edited-768x576.jpg 768w, https:\/\/bora.si\/wp-content\/uploads\/2025\/06\/clutch-damien-guiot-mtb0050-1100x733-1-edited-16x12.jpg 16w\" sizes=\"(max-width: 977px) 100vw, 977px\" \/><\/figure>\n<\/div>\n<\/div>\n\n\n\n<hr class=\"wp-block-separator has-alpha-channel-opacity\"\/>\n\n\n\n<h3 class=\"wp-block-heading\">5. <strong>Posebni modeli<\/strong><\/h3>\n\n\n\n<ul class=\"wp-block-list\">\n<li class=\"translation-block\"><strong>Tandem<\/strong> \u2013 elektri\u010dni tandem bicikli za zajedni\u010dke vo\u017enje, uz punu podr\u0161ku Bosch sustava<\/li>\n\n\n\n<li class=\"translation-block\"><strong>Brzina 45 km\/h<\/strong> , <strong>Teretni<\/strong> , <strong>Cestovni<\/strong> , <strong>Fat Bikes<\/strong> , <strong>Dje\u010dji<\/strong> \u2013 specijalizirani modeli za razli\u010dite ciljne skupine i namjene<\/li>\n<\/ul>\n\n\n\n<div class=\"wp-block-columns is-layout-flex wp-container-core-columns-is-layout-9d6595d7 wp-block-columns-is-layout-flex\">\n<div class=\"wp-block-column is-layout-flow wp-block-column-is-layout-flow\">\n<figure class=\"wp-block-image size-large\"><img loading=\"lazy\" decoding=\"async\" width=\"1024\" height=\"768\" src=\"https:\/\/bora.si\/wp-content\/uploads\/2025\/06\/samedi27x2_trk_motion-2-edited-1024x768.jpg\" alt=\"\" class=\"wp-image-1780\" srcset=\"https:\/\/bora.si\/wp-content\/uploads\/2025\/06\/samedi27x2_trk_motion-2-edited-1024x768.jpg 1024w, https:\/\/bora.si\/wp-content\/uploads\/2025\/06\/samedi27x2_trk_motion-2-edited-300x225.jpg 300w, https:\/\/bora.si\/wp-content\/uploads\/2025\/06\/samedi27x2_trk_motion-2-edited-768x576.jpg 768w, https:\/\/bora.si\/wp-content\/uploads\/2025\/06\/samedi27x2_trk_motion-2-edited-1536x1151.jpg 1536w, https:\/\/bora.si\/wp-content\/uploads\/2025\/06\/samedi27x2_trk_motion-2-edited-2048x1535.jpg 2048w, https:\/\/bora.si\/wp-content\/uploads\/2025\/06\/samedi27x2_trk_motion-2-edited-16x12.jpg 16w\" sizes=\"(max-width: 1024px) 100vw, 1024px\" \/><\/figure>\n<\/div>\n\n\n\n<div class=\"wp-block-column is-layout-flow wp-block-column-is-layout-flow\">\n<figure class=\"wp-block-image size-large\"><img loading=\"lazy\" decoding=\"async\" width=\"2560\" height=\"1921\" src=\"https:\/\/bora.si\/wp-content\/uploads\/2025\/06\/Lundi-20-Riding-Munich-2-edited-scaled.jpg\" alt=\"\" class=\"wp-image-1770\" srcset=\"https:\/\/bora.si\/wp-content\/uploads\/2025\/06\/Lundi-20-Riding-Munich-2-edited-scaled.jpg 2560w, https:\/\/bora.si\/wp-content\/uploads\/2025\/06\/Lundi-20-Riding-Munich-2-edited-300x225.jpg 300w, https:\/\/bora.si\/wp-content\/uploads\/2025\/06\/Lundi-20-Riding-Munich-2-edited-1024x768.jpg 1024w, https:\/\/bora.si\/wp-content\/uploads\/2025\/06\/Lundi-20-Riding-Munich-2-edited-768x576.jpg 768w, https:\/\/bora.si\/wp-content\/uploads\/2025\/06\/Lundi-20-Riding-Munich-2-edited-1536x1152.jpg 1536w, https:\/\/bora.si\/wp-content\/uploads\/2025\/06\/Lundi-20-Riding-Munich-2-edited-2048x1536.jpg 2048w, https:\/\/bora.si\/wp-content\/uploads\/2025\/06\/Lundi-20-Riding-Munich-2-edited-16x12.jpg 16w\" sizes=\"(max-width: 2560px) 100vw, 2560px\" \/><\/figure>\n<\/div>\n<\/div>\n\n\n\n<hr class=\"wp-block-separator has-alpha-channel-opacity\"\/>\n\n\n\n<h2 class=\"wp-block-heading\">Novi proizvodi i tehni\u010dke novosti u 2025. godini<\/h2>\n\n\n\n<ul class=\"wp-block-list\">\n<li class=\"translation-block\">Novi modeli <strong>J.<\/strong> , <strong>Game<\/strong> , <strong>Clutch<\/strong> s pobolj\u0161anom geometrijom i naprednim okvirom<\/li>\n\n\n\n<li class=\"translation-block\">\u0160iroko rasprostranjena upotreba <strong>Bosch Smart Systema<\/strong> u svim glavnim kategorijama<\/li>\n\n\n\n<li class=\"translation-block\"><strong>Kiox 300<\/strong> i <strong>Intuvia 100<\/strong> zasloni kao standard<\/li>\n\n\n\n<li>Potpuno integrirana rasvjeta i kori\u0161tenje odr\u017eivih materijala<\/li>\n<\/ul>\n\n\n\n<p><\/p>\n\n\n\n<hr class=\"wp-block-separator has-alpha-channel-opacity\"\/>\n\n\n\n<h2 class=\"wp-block-heading has-text-align-center\">Kako nabaviti Moustache bicikle u Sloveniji?<\/h2>\n\n\n\n<p class=\"has-text-align-center\">Bicikli s brkovima dostupni su kod nas kao slu\u017ebenog prodava\u010da ili kod ovla\u0161tenih partnera:<\/p>\n\n\n\n<h3 class=\"wp-block-heading has-text-align-center\"><strong><a href=\"https:\/\/www.kolesa-smole.si\/default.asp?mid=sl&amp;pid=modul_it&amp;wid=14762&amp;filter=1&amp;orderby=&amp;ordertype=&amp;pageno=1&amp;f49=3277&amp;stockonly=\" title=\"SMOLE\"><mark style=\"background-color:rgba(0, 0, 0, 0)\" class=\"has-inline-color has-white-color\">SMOLE<\/mark><\/a><\/strong><\/h3>\n\n\n\n<h3 class=\"wp-block-heading has-text-align-center\"><strong><a href=\"https:\/\/www.kolesa-newbike.si\/trgovina\/brand\/moustache\/\" title=\"NOVI BICIKL\"><mark style=\"background-color:rgba(0, 0, 0, 0)\" class=\"has-inline-color has-white-color\">NOVI BICIKL<\/mark><\/a><\/strong><\/h3>\n\n\n\n<h3 class=\"wp-block-heading has-text-align-center\"><a href=\"https:\/\/www.borashop.eu\/blagovne-znamke\/moustache-bikes\" title=\"BORA SHOP\"><strong><mark style=\"background-color:rgba(0, 0, 0, 0)\" class=\"has-inline-color has-white-color\">BORA SHOP<\/mark><\/strong><\/a><\/h3>","protected":false},"excerpt":{"rendered":"<p>Smo uradni zastopnik blagovne znamke Moustache Bikes za Slovenijo in Hrva\u0161ko ter dolgoletni partner te priznane francoske znamke, ki velja za enega vodilnih proizvajalcev elektri\u010dnih koles v Evropi. Na\u0161a vloga vklju\u010duje strokovno svetovanje, podporo pri naro\u010dilih, sodelovanje s trgovci in servisnimi partnerji ter skrb za prisotnost znamke na slovenskem trgu. Zakaj Moustache? Ker ne kupujete [&hellip;]<\/p>\n","protected":false},"author":2,"featured_media":1774,"comment_status":"closed","ping_status":"closed","sticky":false,"template":"","format":"standard","meta":{"_acf_changed":false,"inline_featured_image":false,"footnotes":""},"categories":[25,33],"tags":[],"class_list":["post-1718","post","type-post","status-publish","format-standard","has-post-thumbnail","hentry","category-brands","category-moustache"],"acf":{"photo_gallery":{"galerija":[[]]}},"aioseo_notices":[],"_links":{"self":[{"href":"https:\/\/bora.si\/hr\/wp-json\/wp\/v2\/posts\/1718","targetHints":{"allow":["GET"]}}],"collection":[{"href":"https:\/\/bora.si\/hr\/wp-json\/wp\/v2\/posts"}],"about":[{"href":"https:\/\/bora.si\/hr\/wp-json\/wp\/v2\/types\/post"}],"author":[{"embeddable":true,"href":"https:\/\/bora.si\/hr\/wp-json\/wp\/v2\/users\/2"}],"replies":[{"embeddable":true,"href":"https:\/\/bora.si\/hr\/wp-json\/wp\/v2\/comments?post=1718"}],"version-history":[{"count":18,"href":"https:\/\/bora.si\/hr\/wp-json\/wp\/v2\/posts\/1718\/revisions"}],"predecessor-version":[{"id":1934,"href":"https:\/\/bora.si\/hr\/wp-json\/wp\/v2\/posts\/1718\/revisions\/1934"}],"wp:featuredmedia":[{"embeddable":true,"href":"https:\/\/bora.si\/hr\/wp-json\/wp\/v2\/media\/1774"}],"wp:attachment":[{"href":"https:\/\/bora.si\/hr\/wp-json\/wp\/v2\/media?parent=1718"}],"wp:term":[{"taxonomy":"category","embeddable":true,"href":"https:\/\/bora.si\/hr\/wp-json\/wp\/v2\/categories?post=1718"},{"taxonomy":"post_tag","embeddable":true,"href":"https:\/\/bora.si\/hr\/wp-json\/wp\/v2\/tags?post=1718"}],"curies":[{"name":"radni list","href":"https:\/\/api.w.org\/{rel}","templated":true}]}}