{"id":2162,"date":"2025-10-17T14:06:19","date_gmt":"2025-10-17T12:06:19","guid":{"rendered":"https:\/\/bora.si\/?p=2162"},"modified":"2026-03-31T09:43:32","modified_gmt":"2026-03-31T07:43:32","slug":"colmar-originals-nova-kolekcija-jesen-zima-2025-26","status":"publish","type":"post","link":"https:\/\/bora.si\/hr\/colmar-originals-nova-kolekcija-jesen-zima-2025-26\/","title":{"rendered":"Colmar Originals - Nova kolekcija jesen-zima 2025.\/26."},"content":{"rendered":"<h2 class=\"wp-block-heading\"><strong>Za nadolaze\u0107u zimu, Colmar se kladi na originalnost i holisti\u010dki izgled<\/strong><\/h2>\n\n\n\n<p>Bez obzira na raspored ili izbor aktivnosti - Colmar prati pojedinca tijekom cijele zimske sezone.<br>Zima, Colmar je spreman.<\/p>\n\n\n\n<p>Ove godine brend pro\u0161iruje svoj \u201cTotal look\u201d. Uz perjane jakne i jakne, nudi nekoliko kategorija odje\u0107e \u2013 kako bi zima bila topla, udobna i ugodna u svim uvjetima.<\/p>\n\n\n\n<p>Kolekciju ujedinjuju \u010diste, osnovne linije gradske odje\u0107e, sportska inspiracija i svje\u017ea paleta pastelnih tonova. Zajedni\u010dku nit nadopunjuju sjajni materijali i \u017eive nijanse dizajnirane za mladu, urbanu publiku.<\/p>\n\n\n\n<div class=\"wp-block-columns is-layout-flex wp-container-core-columns-is-layout-9d6595d7 wp-block-columns-is-layout-flex\">\n<div class=\"wp-block-column is-layout-flow wp-block-column-is-layout-flow\">\n<figure class=\"wp-block-image size-large\"><img fetchpriority=\"high\" decoding=\"async\" width=\"1920\" height=\"2560\" src=\"https:\/\/bora.si\/wp-content\/uploads\/2025\/10\/20250409_COLMA-5-edited-scaled.jpg\" alt=\"\" class=\"wp-image-2171\" srcset=\"https:\/\/bora.si\/wp-content\/uploads\/2025\/10\/20250409_COLMA-5-edited-scaled.jpg 1920w, https:\/\/bora.si\/wp-content\/uploads\/2025\/10\/20250409_COLMA-5-edited-225x300.jpg 225w, https:\/\/bora.si\/wp-content\/uploads\/2025\/10\/20250409_COLMA-5-edited-768x1024.jpg 768w, https:\/\/bora.si\/wp-content\/uploads\/2025\/10\/20250409_COLMA-5-edited-1152x1536.jpg 1152w, https:\/\/bora.si\/wp-content\/uploads\/2025\/10\/20250409_COLMA-5-edited-1536x2048.jpg 1536w, https:\/\/bora.si\/wp-content\/uploads\/2025\/10\/20250409_COLMA-5-edited-9x12.jpg 9w\" sizes=\"(max-width: 1920px) 100vw, 1920px\" \/><\/figure>\n<\/div>\n\n\n\n<div class=\"wp-block-column is-layout-flow wp-block-column-is-layout-flow\">\n<figure class=\"wp-block-image size-large\"><img decoding=\"async\" width=\"1920\" height=\"2560\" src=\"https:\/\/bora.si\/wp-content\/uploads\/2025\/10\/Day2_Colmar_Berli-edited-scaled.jpg\" alt=\"\" class=\"wp-image-2172\" srcset=\"https:\/\/bora.si\/wp-content\/uploads\/2025\/10\/Day2_Colmar_Berli-edited-scaled.jpg 1920w, https:\/\/bora.si\/wp-content\/uploads\/2025\/10\/Day2_Colmar_Berli-edited-225x300.jpg 225w, https:\/\/bora.si\/wp-content\/uploads\/2025\/10\/Day2_Colmar_Berli-edited-768x1024.jpg 768w, https:\/\/bora.si\/wp-content\/uploads\/2025\/10\/Day2_Colmar_Berli-edited-1152x1536.jpg 1152w, https:\/\/bora.si\/wp-content\/uploads\/2025\/10\/Day2_Colmar_Berli-edited-1536x2048.jpg 1536w, https:\/\/bora.si\/wp-content\/uploads\/2025\/10\/Day2_Colmar_Berli-edited-9x12.jpg 9w\" sizes=\"(max-width: 1920px) 100vw, 1920px\" \/><\/figure>\n<\/div>\n<\/div>\n\n\n\n<hr class=\"wp-block-separator has-alpha-channel-opacity\"\/>\n\n\n\n<h2 class=\"wp-block-heading\"><strong>Za mu\u0161karce: kolekcija koja se fokusira na funkcionalnost uz estetiku<\/strong><\/h2>\n\n\n\n<p>Ovo \u0107e biti zima koju \u0107ete pamtiti. Ne samo po otiscima stopala u snijegu, ve\u0107 i po osje\u0107aju kada obu\u010dete Colmar.<\/p>\n\n\n\n<p>Osnovni komadi su redizajnirani s detaljima poput mat plisiranog materijala, patentnih zatvara\u010da s dvostrukim kliza\u010dima i klasi\u010dnog Colmarovog logotipa. Parke sada imaju mek\u0161e punjenje, \u0161to im daje manje glomazni, opu\u0161teniji izgled.<\/p>\n\n\n\n<p>Zvijezda sezone su pahuljasti komadi izra\u0111eni od novog etno-geometrijskog materijala. Tehni\u010dka vuna omogu\u0107uje no\u0161enje s obje strane, a dizajni su lagani i svestrani.<\/p>\n\n\n\n<p>Bez obzira na prigodu, ostat \u0107ete u stilu cijelu zimu. Novi proizvodi uklju\u010duju jakne u bajkerskom stilu, pike jakne izra\u0111ene od ronila\u010dke tkanine i odvojive podstave koje omogu\u0107uju slojevito obla\u010denje.<\/p>\n\n\n\n<p>Budu\u0107i da je zima nepredvidljiva, tu su i pletiva s ka\u0161mirom u raznim debljinama, pamu\u010dni i ronila\u010dki kardigani te pamu\u010dne ko\u0161ulje s kariranim uzorkom - za one trenutke kada je toplina va\u017ena.<\/p>\n\n\n\n<figure class=\"wp-block-gallery aligncenter has-nested-images columns-default is-cropped wp-block-gallery-1 is-layout-flex wp-block-gallery-is-layout-flex\">\n<figure class=\"wp-block-image size-large\"><img decoding=\"async\" width=\"1024\" height=\"683\" data-id=\"2165\" src=\"https:\/\/bora.si\/wp-content\/uploads\/2025\/10\/Day1_Colmar_Ber-6-1024x683.jpg\" alt=\"\" class=\"wp-image-2165\" srcset=\"https:\/\/bora.si\/wp-content\/uploads\/2025\/10\/Day1_Colmar_Ber-6-1024x683.jpg 1024w, https:\/\/bora.si\/wp-content\/uploads\/2025\/10\/Day1_Colmar_Ber-6-300x200.jpg 300w, https:\/\/bora.si\/wp-content\/uploads\/2025\/10\/Day1_Colmar_Ber-6-768x512.jpg 768w, https:\/\/bora.si\/wp-content\/uploads\/2025\/10\/Day1_Colmar_Ber-6-1536x1025.jpg 1536w, https:\/\/bora.si\/wp-content\/uploads\/2025\/10\/Day1_Colmar_Ber-6-2048x1366.jpg 2048w, https:\/\/bora.si\/wp-content\/uploads\/2025\/10\/Day1_Colmar_Ber-6-18x12.jpg 18w\" sizes=\"(max-width: 1024px) 100vw, 1024px\" \/><\/figure>\n<\/figure>\n\n\n\n<hr class=\"wp-block-separator has-alpha-channel-opacity\"\/>\n\n\n\n<h2 class=\"wp-block-heading\"><strong>\u017densku kolekciju ujedinjuju detalji i novi materijali<\/strong><\/h2>\n\n\n\n<p>U svojoj \u017eenskoj kolekciji, Colmar predstavlja komade koji podsje\u0107aju na klasiku, ali omogu\u0107uju kombiniranje i zadr\u017eavaju osobni stil.<\/p>\n\n\n\n<p>Zimska kolekcija donosi bogatstvo novih krojeva i materijala - me\u0111u njima se isti\u010du \u017eakard printevi koji svojom teksturom dodaju karakter. Pahuljasti komadi u tkaninama izgleda vune i hibridni modeli s pro\u0161ivenim prednjim stranama i pletenim rukavima stvaraju igru kontrasta.<\/p>\n\n\n\n<p>Me\u0111u novim artiklima isti\u010du se jakne od frotira, ka\u0161mira i vunenog pletiva s kontrastnim detaljima, kombinezoni od rebrastog bar\u0161una i \u0161enil tkanine te kardigani s bukl\u00e9 uzorkom.<br>Ko\u0161ulje od mekog pamu\u010dnog flanela pru\u017eaju da\u0161ak klasicizma - jednostavne, a opet s karakterom.<\/p>\n\n\n\n<div class=\"wp-block-columns is-layout-flex wp-container-core-columns-is-layout-9d6595d7 wp-block-columns-is-layout-flex\">\n<div class=\"wp-block-column is-layout-flow wp-block-column-is-layout-flow\">\n<figure class=\"wp-block-image size-large\"><img loading=\"lazy\" decoding=\"async\" width=\"1920\" height=\"2560\" src=\"https:\/\/bora.si\/wp-content\/uploads\/2025\/10\/Day2_Colmar_Berlin_LO-edited-scaled.jpg\" alt=\"\" class=\"wp-image-2173\" srcset=\"https:\/\/bora.si\/wp-content\/uploads\/2025\/10\/Day2_Colmar_Berlin_LO-edited-scaled.jpg 1920w, https:\/\/bora.si\/wp-content\/uploads\/2025\/10\/Day2_Colmar_Berlin_LO-edited-225x300.jpg 225w, https:\/\/bora.si\/wp-content\/uploads\/2025\/10\/Day2_Colmar_Berlin_LO-edited-768x1024.jpg 768w, https:\/\/bora.si\/wp-content\/uploads\/2025\/10\/Day2_Colmar_Berlin_LO-edited-1152x1536.jpg 1152w, https:\/\/bora.si\/wp-content\/uploads\/2025\/10\/Day2_Colmar_Berlin_LO-edited-1536x2048.jpg 1536w, https:\/\/bora.si\/wp-content\/uploads\/2025\/10\/Day2_Colmar_Berlin_LO-edited-9x12.jpg 9w\" sizes=\"(max-width: 1920px) 100vw, 1920px\" \/><\/figure>\n<\/div>\n\n\n\n<div class=\"wp-block-column is-layout-flow wp-block-column-is-layout-flow\">\n<figure class=\"wp-block-image size-large\"><img loading=\"lazy\" decoding=\"async\" width=\"1920\" height=\"2560\" src=\"https:\/\/bora.si\/wp-content\/uploads\/2025\/10\/20250409_COLMA-3-edited-scaled.jpg\" alt=\"\" class=\"wp-image-2174\" srcset=\"https:\/\/bora.si\/wp-content\/uploads\/2025\/10\/20250409_COLMA-3-edited-scaled.jpg 1920w, https:\/\/bora.si\/wp-content\/uploads\/2025\/10\/20250409_COLMA-3-edited-225x300.jpg 225w, https:\/\/bora.si\/wp-content\/uploads\/2025\/10\/20250409_COLMA-3-edited-768x1024.jpg 768w, https:\/\/bora.si\/wp-content\/uploads\/2025\/10\/20250409_COLMA-3-edited-1152x1536.jpg 1152w, https:\/\/bora.si\/wp-content\/uploads\/2025\/10\/20250409_COLMA-3-edited-1536x2048.jpg 1536w, https:\/\/bora.si\/wp-content\/uploads\/2025\/10\/20250409_COLMA-3-edited-9x12.jpg 9w\" sizes=\"(max-width: 1920px) 100vw, 1920px\" \/><\/figure>\n<\/div>\n<\/div>\n\n\n\n<hr class=\"wp-block-separator has-alpha-channel-opacity\"\/>\n\n\n\n<h2 class=\"wp-block-heading\"><strong>Revolution linija za vrhunski izgled<\/strong><\/h2>\n\n\n\n<p>Kad je dovoljno, taman je kako treba.<\/p>\n\n\n\n<p>Za modernu, nepredvidivu zimu \u2013 linija Revolution donosi udobne izglede koji se lako kombiniraju. Njihova je vizija slobodna igra materijala i krojeva: od vunenih jakni s podstavom do bomber jakni od eko ko\u017ee. Boje pletiva igraju se s efektom obrnutog tiska.<\/p>\n\n\n\n<p>Za mu\u0161karce, donosi \u0161iroke majice s natpisom <em>Revolucija 1923.<\/em> i hla\u010de od pamuka i vune, a za \u017eene suknje i haljine od rebraste mje\u0161avine vune.<\/p>\n\n\n<div class=\"wp-block-image\">\n<figure class=\"aligncenter size-large\"><img loading=\"lazy\" decoding=\"async\" width=\"1024\" height=\"683\" src=\"https:\/\/bora.si\/wp-content\/uploads\/2025\/10\/Day3_Colmar_Berlin_LOOK_02_SHOT_07_0677-1024x683.jpg\" alt=\"\" class=\"wp-image-2169\" srcset=\"https:\/\/bora.si\/wp-content\/uploads\/2025\/10\/Day3_Colmar_Berlin_LOOK_02_SHOT_07_0677-1024x683.jpg 1024w, https:\/\/bora.si\/wp-content\/uploads\/2025\/10\/Day3_Colmar_Berlin_LOOK_02_SHOT_07_0677-300x200.jpg 300w, https:\/\/bora.si\/wp-content\/uploads\/2025\/10\/Day3_Colmar_Berlin_LOOK_02_SHOT_07_0677-768x512.jpg 768w, https:\/\/bora.si\/wp-content\/uploads\/2025\/10\/Day3_Colmar_Berlin_LOOK_02_SHOT_07_0677-1536x1025.jpg 1536w, https:\/\/bora.si\/wp-content\/uploads\/2025\/10\/Day3_Colmar_Berlin_LOOK_02_SHOT_07_0677-2048x1366.jpg 2048w, https:\/\/bora.si\/wp-content\/uploads\/2025\/10\/Day3_Colmar_Berlin_LOOK_02_SHOT_07_0677-18x12.jpg 18w\" sizes=\"(max-width: 1024px) 100vw, 1024px\" \/><\/figure>\n<\/div>\n\n\n<div style=\"height:20px\" aria-hidden=\"true\" class=\"wp-block-spacer\"><\/div>\n\n\n\n<hr class=\"wp-block-separator has-alpha-channel-opacity\"\/>\n\n\n\n<p><\/p>\n\n\n\n<h4 class=\"wp-block-heading has-text-align-left\"><strong>Svojom novom kolekcijom, Colmar nas podsje\u0107a da je odje\u0107a vi\u0161e od puke za\u0161tite od hladno\u0107e - to je na\u010din \u017eivljenja na\u0161eg stila \u010dak i zimi.<br>U toj ravnote\u017ei izme\u0111u estetike i funkcionalnosti, poziva nas da zimu do\u017eivimo s toplinom i samopouzdanjem.<\/strong><\/h4>\n\n\n\n<p><\/p>\n\n\n\n<hr class=\"wp-block-separator has-alpha-channel-opacity\"\/>\n\n\n\n<h2 class=\"wp-block-heading has-text-align-center\">Kje kupiti novo kolekcijo Colmar Originals?<\/h2>\n\n\n\n<h3 class=\"wp-block-heading has-text-align-center\"><a href=\"https:\/\/www.emporium.si\/SearchDisplay?sType=SimpleSearch&amp;catalogId=10701&amp;orderBy=5&amp;langId=-11&amp;storeId=11353&amp;manufacturer=COLMAR\" target=\"_blank\" rel=\"noreferrer noopener\"><mark style=\"background-color:rgba(0, 0, 0, 0)\" class=\"has-inline-color has-white-color\">EMPORIUM<\/mark><\/a><\/h3>\n\n\n\n<h3 class=\"wp-block-heading has-text-align-center\"><a href=\"https:\/\/www.nama.si\/\" target=\"_blank\" rel=\"noreferrer noopener\"><mark style=\"background-color:rgba(0, 0, 0, 0)\" class=\"has-inline-color has-white-color\">NAMA<\/mark><\/a><\/h3>\n\n\n\n<h3 class=\"wp-block-heading has-text-align-center\"><a href=\"https:\/\/www.modiana.si\/\" title=\"MODIANA\"><mark style=\"background-color:rgba(0, 0, 0, 0)\" class=\"has-inline-color has-white-color\">MODIANA<\/mark><\/a><\/h3>\n\n\n\n<h3 class=\"wp-block-heading has-text-align-center\"><a href=\"https:\/\/www.extremevital.com\/sl\/oblacila?filter_id=Colmar-358\" title=\"EXTREME VITAL\"><mark style=\"background-color:rgba(0, 0, 0, 0)\" class=\"has-inline-color has-white-color\">EXTREME VITAL<\/mark><\/a><\/h3>\n\n\n\n<h3 class=\"wp-block-heading has-text-align-center\">INTERSPORT Zagreb<\/h3>\n\n\n\n<h3 class=\"wp-block-heading has-text-align-center\">Trgovina Jelene Bo\u017ei\u010d<\/h3>\n\n\n\n<h3 class=\"wp-block-heading has-text-align-center\"><a href=\"https:\/\/www.borashop.eu\/blagovne-znamke\/colmar-originals\" target=\"_blank\" rel=\"noreferrer noopener\"><mark style=\"background-color:rgba(0, 0, 0, 0)\" class=\"has-inline-color has-white-color\">BORA SHOP<\/mark><\/a><\/h3>\n\n\n\n<p><\/p>\n\n\n\n<p><\/p>","protected":false},"excerpt":{"rendered":"<p>Za prihajajo\u010do zimo Colmar stavi na izvirnost in celosten videz Ne glede na urnik ali izbiro aktivnosti \u2013 Colmar spremlja posameznika skozi celotno zimsko sezono.Zima, Colmar je pripravljen. Letos znamka raz\u0161irja svoj \u201cTotal look\u201d. Poleg puhovk in jaken ponuja \u0161e ve\u010d kategorij obla\u010dil \u2013 da bo zima topla, udobna in prijetna v vseh razmerah. Kolekcijo [&hellip;]<\/p>\n","protected":false},"author":2,"featured_media":2176,"comment_status":"closed","ping_status":"closed","sticky":false,"template":"","format":"standard","meta":{"_acf_changed":false,"inline_featured_image":false,"footnotes":""},"categories":[25,28],"tags":[],"class_list":["post-2162","post","type-post","status-publish","format-standard","has-post-thumbnail","hentry","category-brands","category-colmar"],"acf":{"photo_gallery":{"galerija":[[]]}},"aioseo_notices":[],"_links":{"self":[{"href":"https:\/\/bora.si\/hr\/wp-json\/wp\/v2\/posts\/2162","targetHints":{"allow":["GET"]}}],"collection":[{"href":"https:\/\/bora.si\/hr\/wp-json\/wp\/v2\/posts"}],"about":[{"href":"https:\/\/bora.si\/hr\/wp-json\/wp\/v2\/types\/post"}],"author":[{"embeddable":true,"href":"https:\/\/bora.si\/hr\/wp-json\/wp\/v2\/users\/2"}],"replies":[{"embeddable":true,"href":"https:\/\/bora.si\/hr\/wp-json\/wp\/v2\/comments?post=2162"}],"version-history":[{"count":21,"href":"https:\/\/bora.si\/hr\/wp-json\/wp\/v2\/posts\/2162\/revisions"}],"predecessor-version":[{"id":2636,"href":"https:\/\/bora.si\/hr\/wp-json\/wp\/v2\/posts\/2162\/revisions\/2636"}],"wp:featuredmedia":[{"embeddable":true,"href":"https:\/\/bora.si\/hr\/wp-json\/wp\/v2\/media\/2176"}],"wp:attachment":[{"href":"https:\/\/bora.si\/hr\/wp-json\/wp\/v2\/media?parent=2162"}],"wp:term":[{"taxonomy":"category","embeddable":true,"href":"https:\/\/bora.si\/hr\/wp-json\/wp\/v2\/categories?post=2162"},{"taxonomy":"post_tag","embeddable":true,"href":"https:\/\/bora.si\/hr\/wp-json\/wp\/v2\/tags?post=2162"}],"curies":[{"name":"radni list","href":"https:\/\/api.w.org\/{rel}","templated":true}]}}